{"id":4912,"date":"2021-07-09T11:15:40","date_gmt":"2021-07-09T09:15:40","guid":{"rendered":"https:\/\/www.lessensdemarrakech.fr\/blog\/?p=4912"},"modified":"2021-12-28T12:44:38","modified_gmt":"2021-12-28T11:44:38","slug":"la-senteur-verveine-parfaite-pour-la-saison","status":"publish","type":"post","link":"https:\/\/www.lessensdemarrakech.fr\/blog\/bain-corps\/la-senteur-verveine-parfaite-pour-la-saison\/","title":{"rendered":"La senteur verveine, parfaite pour la saison"},"content":{"rendered":"<p>La verveine, \u00e9galement appel\u00e9e Verbena officinalis est une herbe vivace originaire d&rsquo;Europe et d&rsquo;Asie.<br \/>\nLa plante appartient \u00e0 la famille des Verb\u00e9nac\u00e9es et poss\u00e8de des feuilles lob\u00e9es et dent\u00e9es, ainsi que des fleurs soyeuses de couleur violet p\u00e2le. Elle est utilis\u00e9e dans le monde entier comme rem\u00e8de \u00e0 base de plantes en raison des multiples compos\u00e9s b\u00e9n\u00e9fiques qu&rsquo;elle contient.<br \/>\nCet article passe en revue les avantages de la <strong>senteur verveine<\/strong> ainsi que les produits \u00e0 la verveine qui est notre gamme favorite pour les mois plus chauds.<\/p>\n<h2>Les bienfaits de la senteur verveine<\/h2>\n<h3>La senteur verveine apaise et enl\u00e8ve le stress<\/h3>\n<p>Apr\u00e8s une longue journ\u00e9e de travail ou pour se relaxer au mieux, une infusion \u00e0 la verveine rel\u00e2che les muscles et favorise le sommeil. La verveine est particuli\u00e8rement recommand\u00e9e pour lutter contre les insomnies et les troubles nerveux. L\u2019odeur des feuilles froiss\u00e9es de verveine peut agir aussi sur le moral.<br \/>\nEn plus de l\u2019utiliser sous forme d\u2019infusion, la senteur de la verveine peut \u00e9galement s\u2019utiliser comme savon ou huile essentielle ou encore parfum \u00e0 vaporiser. La senteur verveine dans toutes ses formes vous fera appr\u00e9cier ses bienfaits rafra\u00eechissants, mais aussi apaisants. Utilisez la verveine en aromath\u00e9rapie lorsque vous vous sentez stress\u00e9, d\u00e9prim\u00e9 ou en manque d&rsquo;\u00e9nergie.<\/p>\n<h3>Les huiles essentielles \u00e0 la verveine aident \u00e0 prot\u00e9ger contre certaines maladies<\/h3>\n<p>La verveine citronn\u00e9e est une plante odorante qui d\u00e9gage un parfum particulier. Utilis\u00e9e en tant qu\u2019huile essentielle, certains utilisent la verveine pour aider \u00e0 lutter contre certaines maladies mais il sera alors essentiel de prendre l\u2019avis de m\u00e9decin ou d\u2019aromath\u00e9rapeute.<\/p>\n<h3>La senteur verte et citronn\u00e9e rafra\u00eechit<\/h3>\n<p>Sa senteur d\u00e9licate permet de rafra\u00eechir l\u2019atmosph\u00e8re, elle procure un effet agr\u00e9able. C\u2019est pour cela que nous pensons que les produits cosm\u00e9tiques \u00e0 la verveine sont particuli\u00e8rement appropri\u00e9s pour la saison d\u2019\u00e9t\u00e9. Son parfum frais et p\u00e9tillant a des notes d&rsquo;herbes citronn\u00e9es qui sont tout simplement parfaites pour la saison.<br \/>\nRetrouvez les meilleurs produits cosm\u00e9tiques \u00e0 la verveine dans la section \u201c<a href=\"https:\/\/www.lessensdemarrakech.fr\/ingredients\/verveine-9\" target=\"_blank\" rel=\"noopener\"><strong>gamme verveine<\/strong><\/a>\u201d de notre site.<\/p>\n<h2>La senteur verveine dans nos produits cosm\u00e9tiques<\/h2>\n<p>Les produits Les Sens de Marrakech au parfum apaisant de verveine sont particuli\u00e8rement conseill\u00e9s pour celles et ceux qui aiment les senteurs vives, p\u00e9tillantes en notre de t\u00eate mais qui aiment la douceur de la fra\u00eecheur en notre de fond. Si vous \u00eates victime d\u2019un petit coup de chaud, la senteur verveine vous mettra ce petit coup de fouet vivifiant. Du capilla au gel douche en passant par le parfum \u00e0 vaporiser et sans oublier le lait d\u2019Orient \u00e0 la verveine: \u00e0 vous de choisir celui qui vous pla\u00eet !<\/p>\n<h3>Capilla et parfum maison \u00e0 la verveine<\/h3>\n<p>Rien de tel qu\u2019une belle senteur rafra\u00eechissante pour faire passer la forte chaleur en \u00e9t\u00e9. Et justement, de la <a href=\"https:\/\/www.lessensdemarrakech.fr\/fr\/maison-et-cadeaux\/parfum-a-vaporiser-260.html#\/20-volume-100_ml_accessoirise\/52-senteur-orage_d_ete_a_marrakech\" target=\"_blank\" rel=\"noopener\"><strong>verveine sous forme de spray<\/strong> <\/a>s\u2019av\u00e8re \u00eatre id\u00e9ale pour la saison. Durant la journ\u00e9e, un seul pshiit et la maison plonge dans un oc\u00e9an d\u2019ar\u00f4mes vivifiants. Ou si vous pr\u00e9f\u00e9rez elle existe \u00e9galement sous forme de <a href=\"https:\/\/www.lessensdemarrakech.fr\/fr\/maison-et-cadeaux\/capilla-vegetale-du-maroc-55.html#\/18-volume-250_ml_accessoirise\/48-senteur-verveine_d_ete\" target=\"_blank\" rel=\"noopener\"><strong>capilla<\/strong><\/a>. A essayer sans h\u00e9siter m\u00eame la nuit, elle cr\u00e9e une ambiance fra\u00eeche et reposante tr\u00e8s appr\u00e9ciable.<\/p>\n<h3>Gel douche verveine<\/h3>\n<p>Quoi de plus int\u00e9ressant qu\u2019une bonne douche bien relaxante apr\u00e8s une journ\u00e9e pass\u00e9e au soleil? Avec ce <a href=\"https:\/\/www.lessensdemarrakech.fr\/fr\/gamme-verveine\/gel-douche-ancestrale-verveine-63.html\" target=\"_blank\" rel=\"noopener\"><strong>gel douche \u00e0 l\u2019aloe vera<\/strong><\/a> et \u00e0 la verveine, votre peau est nettoy\u00e9e en douceur et poss\u00e8de une d\u00e9licate senteur printani\u00e8re et citronn\u00e9e. Attention, son parfum de verveine citronn\u00e9e vous fera fondre de plaisir. Il est tr\u00e8s facile d\u2019utilisation, faites-le mousser et rincez, c\u2019est tout. Par la suite, hydratez votre peau avec le lait parfum\u00e9 pour le corps Lait d\u2019Orient.<\/p>\n<h3>Lait corporel \u00e0 la verveine<\/h3>\n<p>Pour cet \u00e9t\u00e9, succombez pour un lait \u00e0 la texture fluide qui adoucit et parfume d\u00e9licatement la peau. Il s\u2019agit du <a href=\"https:\/\/www.lessensdemarrakech.fr\/fr\/gamme-verveine\/lait-d-orient-corps-verveine-86.html\" target=\"_blank\" rel=\"noopener\"><strong>Lait d\u2019Orient \u00e0 la verveine<\/strong><\/a>. Ce produit fantastique se compose de l&rsquo;huile d\u2019argan et de l&rsquo;huile d\u2019amande douce avec la senteur de la verveine tonique.<\/p>\n<p>A appliquer sur la peau tous les jours pendant les vacances pour s\u2019impr\u00e9gner d\u2019un doux ar\u00f4me citronn\u00e9 et unique.<\/p>\n<p>Ainsi, \u00eates-vous pr\u00eats \u00e0 essayer la <strong>gamme de produits \u00e0 la Verveine<\/strong>? C\u2019est le moment ou jamais !<\/p>\n","protected":false},"excerpt":{"rendered":"<p>La verveine, \u00e9galement appel\u00e9e Verbena officinalis est une herbe vivace originaire d&rsquo;Europe et d&rsquo;Asie. La plante appartient \u00e0 la famille des Verb\u00e9nac\u00e9es et poss\u00e8de des feuilles lob\u00e9es et dent\u00e9es, ainsi que des fleurs soyeuses de couleur violet p\u00e2le. Elle est utilis\u00e9e dans le monde entier comme rem\u00e8de \u00e0 base de plantes en raison des multiples compos\u00e9s b\u00e9n\u00e9fiques qu&rsquo;elle contient. Cet&#8230;<\/p>\n<div class=\"read-more\"><a class=\"button-wapasha button--wapasha\" href=\"https:\/\/www.lessensdemarrakech.fr\/blog\/bain-corps\/la-senteur-verveine-parfaite-pour-la-saison\/\">Lire +<\/a><\/div>\n","protected":false},"author":1,"featured_media":4917,"comment_status":"open","ping_status":"open","sticky":false,"template":"","format":"standard","meta":{"_exactmetrics_skip_tracking":false,"_exactmetrics_sitenote_active":false,"_exactmetrics_sitenote_note":"","_exactmetrics_sitenote_category":0,"footnotes":""},"categories":[21,24,23,39,20],"tags":[],"class_list":["post-4912","post","type-post","status-publish","format-standard","has-post-thumbnail","hentry","category-bain-corps","category-conseils-de-beaute","category-homme","category-maison-et-cadeaux","category-visage"],"_links":{"self":[{"href":"https:\/\/www.lessensdemarrakech.fr\/blog\/wp-json\/wp\/v2\/posts\/4912"}],"collection":[{"href":"https:\/\/www.lessensdemarrakech.fr\/blog\/wp-json\/wp\/v2\/posts"}],"about":[{"href":"https:\/\/www.lessensdemarrakech.fr\/blog\/wp-json\/wp\/v2\/types\/post"}],"author":[{"embeddable":true,"href":"https:\/\/www.lessensdemarrakech.fr\/blog\/wp-json\/wp\/v2\/users\/1"}],"replies":[{"embeddable":true,"href":"https:\/\/www.lessensdemarrakech.fr\/blog\/wp-json\/wp\/v2\/comments?post=4912"}],"version-history":[{"count":2,"href":"https:\/\/www.lessensdemarrakech.fr\/blog\/wp-json\/wp\/v2\/posts\/4912\/revisions"}],"predecessor-version":[{"id":4914,"href":"https:\/\/www.lessensdemarrakech.fr\/blog\/wp-json\/wp\/v2\/posts\/4912\/revisions\/4914"}],"wp:featuredmedia":[{"embeddable":true,"href":"https:\/\/www.lessensdemarrakech.fr\/blog\/wp-json\/wp\/v2\/media\/4917"}],"wp:attachment":[{"href":"https:\/\/www.lessensdemarrakech.fr\/blog\/wp-json\/wp\/v2\/media?parent=4912"}],"wp:term":[{"taxonomy":"category","embeddable":true,"href":"https:\/\/www.lessensdemarrakech.fr\/blog\/wp-json\/wp\/v2\/categories?post=4912"},{"taxonomy":"post_tag","embeddable":true,"href":"https:\/\/www.lessensdemarrakech.fr\/blog\/wp-json\/wp\/v2\/tags?post=4912"}],"curies":[{"name":"wp","href":"https:\/\/api.w.org\/{rel}","templated":true}]}}